{"id":53114,"date":"2022-01-26T09:41:24","date_gmt":"2022-01-26T09:41:24","guid":{"rendered":"https:\/\/smartgroup.no\/can-i-get-a-bike-brake-adaptive-to-my-special-needs\/"},"modified":"2026-03-01T16:27:54","modified_gmt":"2026-03-01T15:27:54","slug":"can-i-get-a-bike-brake-adaptive-to-my-special-needs","status":"publish","type":"post","link":"https:\/\/smartgroup.no\/en\/can-i-get-a-bike-brake-adaptive-to-my-special-needs\/","title":{"rendered":"Is there a bicycle brake that fits my individual needs?"},"content":{"rendered":"<p>The use of bikes adapted for disabilities has become very popular, and the range of bikes is increasing every year. At the same time, there is a common challenge for all bikes; they come with standard brakes developed for functionally strong and healthy individuals. These brakes are rigid, difficult to use, and often oversized for users with reduced hand grip. Several factors affect a person's ability to activate the brakes on a bike; in this article, we have highlighted the ten most common reasons why a standard brake does not work for everyone.<\/p>\n\n\n\n<p><br>Finding the optimal customized brake solution is complicated; Type of disability, bike model and size, scope of use, trail profile, and total weight load are all factors to consider. In developing SmartBrake, our goal was to design modules that combine solutions that best fit the specific user needs. Thus, with SmartBrake, you can build your set, like Lego. Combine brake units with brake controllers of your choice. The wireless technology makes it easy to mount on any bike without special tools. SmartBrake requires limited hand strength, activates brakes and parks with a gentle touch, and allows companions to brake from a distance. The brake can be reversed, providing a safe solution for users with epilepsy. The patented technology fits any bike with either rim or disc brakes.<br><\/p>\n\n\n\n<p><strong>But Are Wireless Brakes Safe?<\/strong><br>Yes, SmartBrake has built-in fault protection that automatically activates the brake in case of low battery or signal failure. For example, the brake will be activated if a companion moves more than 30 meters away from the bike. SmartBrake technology has been developed and thoroughly tested over many years and is based on a recognized and proven communication platform (RF \/ BLE). You can order SmartBrake directly from our online store or contact your bike distributor for assistance.<br>You can order SmartBrake directly in our webshop or contact your bicycle distributor for assistance.<\/p>","protected":false},"excerpt":{"rendered":"<p>Bruken av sykler tilpasset funksjonshemmede har blitt veldig popul\u00e6r, og utvalget av sykler \u00f8ker hvert \u00e5r. Samtidig er det en felles utfordring for alle sykler; de leveres med standardbremser utviklet for funksjonelt sterke og friske personer. Disse bremsene er stive, vanskelige \u00e5 bruke og ofte overdimensjonerte for brukere med redusert h\u00e5ndgrep. Flere faktorer p\u00e5virker en [&hellip;]<\/p>\n","protected":false},"author":1,"featured_media":54293,"comment_status":"closed","ping_status":"closed","sticky":false,"template":"","format":"standard","meta":{"footnotes":""},"categories":[28],"tags":[],"class_list":["post-53114","post","type-post","status-publish","format-standard","has-post-thumbnail","hentry","category-assistive"],"acf":[],"yoast_head":"<!-- This site is optimized with the Yoast SEO plugin v27.4 - https:\/\/yoast.com\/product\/yoast-seo-wordpress\/ -->\n<title>Finnes det en sykkelbrems som passer mine individuelle behov? - SmartGroup<\/title>\n<meta name=\"robots\" content=\"index, follow, max-snippet:-1, max-image-preview:large, max-video-preview:-1\" \/>\n<link rel=\"canonical\" href=\"https:\/\/smartgroup.no\/en\/can-i-get-a-bike-brake-adaptive-to-my-special-needs\/\" \/>\n<meta property=\"og:locale\" content=\"en_GB\" \/>\n<meta property=\"og:type\" content=\"article\" \/>\n<meta property=\"og:title\" content=\"Finnes det en sykkelbrems som passer mine individuelle behov? - SmartGroup\" \/>\n<meta property=\"og:description\" content=\"Bruken av sykler tilpasset funksjonshemmede har blitt veldig popul\u00e6r, og utvalget av sykler \u00f8ker hvert \u00e5r. Samtidig er det en felles utfordring for alle sykler; de leveres med standardbremser utviklet for funksjonelt sterke og friske personer. Disse bremsene er stive, vanskelige \u00e5 bruke og ofte overdimensjonerte for brukere med redusert h\u00e5ndgrep. Flere faktorer p\u00e5virker en [&hellip;]\" \/>\n<meta property=\"og:url\" content=\"https:\/\/smartgroup.no\/en\/can-i-get-a-bike-brake-adaptive-to-my-special-needs\/\" \/>\n<meta property=\"og:site_name\" content=\"SmartGroup\" \/>\n<meta property=\"article:published_time\" content=\"2022-01-26T09:41:24+00:00\" \/>\n<meta property=\"article:modified_time\" content=\"2026-03-01T15:27:54+00:00\" \/>\n<meta property=\"og:image\" content=\"https:\/\/smartgroup.no\/wp-content\/uploads\/IMG_3374-scaled.jpg\" \/>\n\t<meta property=\"og:image:width\" content=\"1707\" \/>\n\t<meta property=\"og:image:height\" content=\"2560\" \/>\n\t<meta property=\"og:image:type\" content=\"image\/jpeg\" \/>\n<meta name=\"author\" content=\"postfinde\" \/>\n<meta name=\"twitter:card\" content=\"summary_large_image\" \/>\n<meta name=\"twitter:label1\" content=\"Written by\" \/>\n\t<meta name=\"twitter:data1\" content=\"postfinde\" \/>\n\t<meta name=\"twitter:label2\" content=\"Estimated reading time\" \/>\n\t<meta name=\"twitter:data2\" content=\"2 minutes\" \/>\n<script type=\"application\/ld+json\" class=\"yoast-schema-graph\">{\"@context\":\"https:\\\/\\\/schema.org\",\"@graph\":[{\"@type\":\"Article\",\"@id\":\"https:\\\/\\\/smartgroup.no\\\/can-i-get-a-bike-brake-adaptive-to-my-special-needs\\\/#article\",\"isPartOf\":{\"@id\":\"https:\\\/\\\/smartgroup.no\\\/can-i-get-a-bike-brake-adaptive-to-my-special-needs\\\/\"},\"author\":{\"name\":\"postfinde\",\"@id\":\"https:\\\/\\\/smartgroup.no\\\/#\\\/schema\\\/person\\\/7b2d51132f341998f810f288a90657e8\"},\"headline\":\"Finnes det en sykkelbrems som passer mine individuelle behov?\",\"datePublished\":\"2022-01-26T09:41:24+00:00\",\"dateModified\":\"2026-03-01T15:27:54+00:00\",\"mainEntityOfPage\":{\"@id\":\"https:\\\/\\\/smartgroup.no\\\/can-i-get-a-bike-brake-adaptive-to-my-special-needs\\\/\"},\"wordCount\":299,\"publisher\":{\"@id\":\"https:\\\/\\\/smartgroup.no\\\/#organization\"},\"image\":{\"@id\":\"https:\\\/\\\/smartgroup.no\\\/can-i-get-a-bike-brake-adaptive-to-my-special-needs\\\/#primaryimage\"},\"thumbnailUrl\":\"https:\\\/\\\/smartgroup.no\\\/wp-content\\\/uploads\\\/IMG_3374-scaled.jpg\",\"articleSection\":[\"Assistive\"],\"inLanguage\":\"en-GB\"},{\"@type\":\"WebPage\",\"@id\":\"https:\\\/\\\/smartgroup.no\\\/can-i-get-a-bike-brake-adaptive-to-my-special-needs\\\/\",\"url\":\"https:\\\/\\\/smartgroup.no\\\/can-i-get-a-bike-brake-adaptive-to-my-special-needs\\\/\",\"name\":\"Finnes det en sykkelbrems som passer mine individuelle behov? - SmartGroup\",\"isPartOf\":{\"@id\":\"https:\\\/\\\/smartgroup.no\\\/#website\"},\"primaryImageOfPage\":{\"@id\":\"https:\\\/\\\/smartgroup.no\\\/can-i-get-a-bike-brake-adaptive-to-my-special-needs\\\/#primaryimage\"},\"image\":{\"@id\":\"https:\\\/\\\/smartgroup.no\\\/can-i-get-a-bike-brake-adaptive-to-my-special-needs\\\/#primaryimage\"},\"thumbnailUrl\":\"https:\\\/\\\/smartgroup.no\\\/wp-content\\\/uploads\\\/IMG_3374-scaled.jpg\",\"datePublished\":\"2022-01-26T09:41:24+00:00\",\"dateModified\":\"2026-03-01T15:27:54+00:00\",\"breadcrumb\":{\"@id\":\"https:\\\/\\\/smartgroup.no\\\/can-i-get-a-bike-brake-adaptive-to-my-special-needs\\\/#breadcrumb\"},\"inLanguage\":\"en-GB\",\"potentialAction\":[{\"@type\":\"ReadAction\",\"target\":[\"https:\\\/\\\/smartgroup.no\\\/can-i-get-a-bike-brake-adaptive-to-my-special-needs\\\/\"]}]},{\"@type\":\"ImageObject\",\"inLanguage\":\"en-GB\",\"@id\":\"https:\\\/\\\/smartgroup.no\\\/can-i-get-a-bike-brake-adaptive-to-my-special-needs\\\/#primaryimage\",\"url\":\"https:\\\/\\\/smartgroup.no\\\/wp-content\\\/uploads\\\/IMG_3374-scaled.jpg\",\"contentUrl\":\"https:\\\/\\\/smartgroup.no\\\/wp-content\\\/uploads\\\/IMG_3374-scaled.jpg\",\"width\":1707,\"height\":2560},{\"@type\":\"BreadcrumbList\",\"@id\":\"https:\\\/\\\/smartgroup.no\\\/can-i-get-a-bike-brake-adaptive-to-my-special-needs\\\/#breadcrumb\",\"itemListElement\":[{\"@type\":\"ListItem\",\"position\":1,\"name\":\"Home\",\"item\":\"https:\\\/\\\/smartgroup.no\\\/\"},{\"@type\":\"ListItem\",\"position\":2,\"name\":\"Finnes det en sykkelbrems som passer mine individuelle behov?\"}]},{\"@type\":\"WebSite\",\"@id\":\"https:\\\/\\\/smartgroup.no\\\/#website\",\"url\":\"https:\\\/\\\/smartgroup.no\\\/\",\"name\":\"SmartGroup\",\"description\":\"\",\"publisher\":{\"@id\":\"https:\\\/\\\/smartgroup.no\\\/#organization\"},\"potentialAction\":[{\"@type\":\"SearchAction\",\"target\":{\"@type\":\"EntryPoint\",\"urlTemplate\":\"https:\\\/\\\/smartgroup.no\\\/?s={search_term_string}\"},\"query-input\":{\"@type\":\"PropertyValueSpecification\",\"valueRequired\":true,\"valueName\":\"search_term_string\"}}],\"inLanguage\":\"en-GB\"},{\"@type\":\"Organization\",\"@id\":\"https:\\\/\\\/smartgroup.no\\\/#organization\",\"name\":\"SmartGroup\",\"url\":\"https:\\\/\\\/smartgroup.no\\\/\",\"logo\":{\"@type\":\"ImageObject\",\"inLanguage\":\"en-GB\",\"@id\":\"https:\\\/\\\/smartgroup.no\\\/#\\\/schema\\\/logo\\\/image\\\/\",\"url\":\"https:\\\/\\\/smartgroup.no\\\/wp-content\\\/uploads\\\/SmartGroup.png\",\"contentUrl\":\"https:\\\/\\\/smartgroup.no\\\/wp-content\\\/uploads\\\/SmartGroup.png\",\"width\":10417,\"height\":1735,\"caption\":\"SmartGroup\"},\"image\":{\"@id\":\"https:\\\/\\\/smartgroup.no\\\/#\\\/schema\\\/logo\\\/image\\\/\"}},{\"@type\":\"Person\",\"@id\":\"https:\\\/\\\/smartgroup.no\\\/#\\\/schema\\\/person\\\/7b2d51132f341998f810f288a90657e8\",\"name\":\"postfinde\",\"image\":{\"@type\":\"ImageObject\",\"inLanguage\":\"en-GB\",\"@id\":\"https:\\\/\\\/secure.gravatar.com\\\/avatar\\\/92ada42b417c70eec54f8102e4955bc80264aabf5f8e2c86502b83dfdc03b6d5?s=96&d=mm&r=g\",\"url\":\"https:\\\/\\\/secure.gravatar.com\\\/avatar\\\/92ada42b417c70eec54f8102e4955bc80264aabf5f8e2c86502b83dfdc03b6d5?s=96&d=mm&r=g\",\"contentUrl\":\"https:\\\/\\\/secure.gravatar.com\\\/avatar\\\/92ada42b417c70eec54f8102e4955bc80264aabf5f8e2c86502b83dfdc03b6d5?s=96&d=mm&r=g\",\"caption\":\"postfinde\"},\"sameAs\":[\"http:\\\/\\\/smartgroup.no\"]}]}<\/script>\n<!-- \/ Yoast SEO plugin. -->","yoast_head_json":{"title":"Is there a bike brake that suits my individual needs? - SmartGroup","robots":{"index":"index","follow":"follow","max-snippet":"max-snippet:-1","max-image-preview":"max-image-preview:large","max-video-preview":"max-video-preview:-1"},"canonical":"https:\/\/smartgroup.no\/en\/can-i-get-a-bike-brake-adaptive-to-my-special-needs\/","og_locale":"en_GB","og_type":"article","og_title":"Finnes det en sykkelbrems som passer mine individuelle behov? - SmartGroup","og_description":"Bruken av sykler tilpasset funksjonshemmede har blitt veldig popul\u00e6r, og utvalget av sykler \u00f8ker hvert \u00e5r. Samtidig er det en felles utfordring for alle sykler; de leveres med standardbremser utviklet for funksjonelt sterke og friske personer. Disse bremsene er stive, vanskelige \u00e5 bruke og ofte overdimensjonerte for brukere med redusert h\u00e5ndgrep. Flere faktorer p\u00e5virker en [&hellip;]","og_url":"https:\/\/smartgroup.no\/en\/can-i-get-a-bike-brake-adaptive-to-my-special-needs\/","og_site_name":"SmartGroup","article_published_time":"2022-01-26T09:41:24+00:00","article_modified_time":"2026-03-01T15:27:54+00:00","og_image":[{"width":1707,"height":2560,"url":"https:\/\/smartgroup.no\/wp-content\/uploads\/IMG_3374-scaled.jpg","type":"image\/jpeg"}],"author":"postfinde","twitter_card":"summary_large_image","twitter_misc":{"Written by":"postfinde","Estimated reading time":"2 minutes"},"schema":{"@context":"https:\/\/schema.org","@graph":[{"@type":"Article","@id":"https:\/\/smartgroup.no\/can-i-get-a-bike-brake-adaptive-to-my-special-needs\/#article","isPartOf":{"@id":"https:\/\/smartgroup.no\/can-i-get-a-bike-brake-adaptive-to-my-special-needs\/"},"author":{"name":"postfinde","@id":"https:\/\/smartgroup.no\/#\/schema\/person\/7b2d51132f341998f810f288a90657e8"},"headline":"Finnes det en sykkelbrems som passer mine individuelle behov?","datePublished":"2022-01-26T09:41:24+00:00","dateModified":"2026-03-01T15:27:54+00:00","mainEntityOfPage":{"@id":"https:\/\/smartgroup.no\/can-i-get-a-bike-brake-adaptive-to-my-special-needs\/"},"wordCount":299,"publisher":{"@id":"https:\/\/smartgroup.no\/#organization"},"image":{"@id":"https:\/\/smartgroup.no\/can-i-get-a-bike-brake-adaptive-to-my-special-needs\/#primaryimage"},"thumbnailUrl":"https:\/\/smartgroup.no\/wp-content\/uploads\/IMG_3374-scaled.jpg","articleSection":["Assistive"],"inLanguage":"en-GB"},{"@type":"WebPage","@id":"https:\/\/smartgroup.no\/can-i-get-a-bike-brake-adaptive-to-my-special-needs\/","url":"https:\/\/smartgroup.no\/can-i-get-a-bike-brake-adaptive-to-my-special-needs\/","name":"Is there a bike brake that suits my individual needs? - SmartGroup","isPartOf":{"@id":"https:\/\/smartgroup.no\/#website"},"primaryImageOfPage":{"@id":"https:\/\/smartgroup.no\/can-i-get-a-bike-brake-adaptive-to-my-special-needs\/#primaryimage"},"image":{"@id":"https:\/\/smartgroup.no\/can-i-get-a-bike-brake-adaptive-to-my-special-needs\/#primaryimage"},"thumbnailUrl":"https:\/\/smartgroup.no\/wp-content\/uploads\/IMG_3374-scaled.jpg","datePublished":"2022-01-26T09:41:24+00:00","dateModified":"2026-03-01T15:27:54+00:00","breadcrumb":{"@id":"https:\/\/smartgroup.no\/can-i-get-a-bike-brake-adaptive-to-my-special-needs\/#breadcrumb"},"inLanguage":"en-GB","potentialAction":[{"@type":"ReadAction","target":["https:\/\/smartgroup.no\/can-i-get-a-bike-brake-adaptive-to-my-special-needs\/"]}]},{"@type":"ImageObject","inLanguage":"en-GB","@id":"https:\/\/smartgroup.no\/can-i-get-a-bike-brake-adaptive-to-my-special-needs\/#primaryimage","url":"https:\/\/smartgroup.no\/wp-content\/uploads\/IMG_3374-scaled.jpg","contentUrl":"https:\/\/smartgroup.no\/wp-content\/uploads\/IMG_3374-scaled.jpg","width":1707,"height":2560},{"@type":"BreadcrumbList","@id":"https:\/\/smartgroup.no\/can-i-get-a-bike-brake-adaptive-to-my-special-needs\/#breadcrumb","itemListElement":[{"@type":"ListItem","position":1,"name":"Home","item":"https:\/\/smartgroup.no\/"},{"@type":"ListItem","position":2,"name":"Finnes det en sykkelbrems som passer mine individuelle behov?"}]},{"@type":"WebSite","@id":"https:\/\/smartgroup.no\/#website","url":"https:\/\/smartgroup.no\/","name":"SmartGroup","description":"","publisher":{"@id":"https:\/\/smartgroup.no\/#organization"},"potentialAction":[{"@type":"SearchAction","target":{"@type":"EntryPoint","urlTemplate":"https:\/\/smartgroup.no\/?s={search_term_string}"},"query-input":{"@type":"PropertyValueSpecification","valueRequired":true,"valueName":"search_term_string"}}],"inLanguage":"en-GB"},{"@type":"Organization","@id":"https:\/\/smartgroup.no\/#organization","name":"SmartGroup","url":"https:\/\/smartgroup.no\/","logo":{"@type":"ImageObject","inLanguage":"en-GB","@id":"https:\/\/smartgroup.no\/#\/schema\/logo\/image\/","url":"https:\/\/smartgroup.no\/wp-content\/uploads\/SmartGroup.png","contentUrl":"https:\/\/smartgroup.no\/wp-content\/uploads\/SmartGroup.png","width":10417,"height":1735,"caption":"SmartGroup"},"image":{"@id":"https:\/\/smartgroup.no\/#\/schema\/logo\/image\/"}},{"@type":"Person","@id":"https:\/\/smartgroup.no\/#\/schema\/person\/7b2d51132f341998f810f288a90657e8","name":"find by mail","image":{"@type":"ImageObject","inLanguage":"en-GB","@id":"https:\/\/secure.gravatar.com\/avatar\/92ada42b417c70eec54f8102e4955bc80264aabf5f8e2c86502b83dfdc03b6d5?s=96&d=mm&r=g","url":"https:\/\/secure.gravatar.com\/avatar\/92ada42b417c70eec54f8102e4955bc80264aabf5f8e2c86502b83dfdc03b6d5?s=96&d=mm&r=g","contentUrl":"https:\/\/secure.gravatar.com\/avatar\/92ada42b417c70eec54f8102e4955bc80264aabf5f8e2c86502b83dfdc03b6d5?s=96&d=mm&r=g","caption":"postfinde"},"sameAs":["http:\/\/smartgroup.no"]}]}},"_links":{"self":[{"href":"https:\/\/smartgroup.no\/en\/wp-json\/wp\/v2\/posts\/53114","targetHints":{"allow":["GET"]}}],"collection":[{"href":"https:\/\/smartgroup.no\/en\/wp-json\/wp\/v2\/posts"}],"about":[{"href":"https:\/\/smartgroup.no\/en\/wp-json\/wp\/v2\/types\/post"}],"author":[{"embeddable":true,"href":"https:\/\/smartgroup.no\/en\/wp-json\/wp\/v2\/users\/1"}],"replies":[{"embeddable":true,"href":"https:\/\/smartgroup.no\/en\/wp-json\/wp\/v2\/comments?post=53114"}],"version-history":[{"count":2,"href":"https:\/\/smartgroup.no\/en\/wp-json\/wp\/v2\/posts\/53114\/revisions"}],"predecessor-version":[{"id":54139,"href":"https:\/\/smartgroup.no\/en\/wp-json\/wp\/v2\/posts\/53114\/revisions\/54139"}],"wp:featuredmedia":[{"embeddable":true,"href":"https:\/\/smartgroup.no\/en\/wp-json\/wp\/v2\/media\/54293"}],"wp:attachment":[{"href":"https:\/\/smartgroup.no\/en\/wp-json\/wp\/v2\/media?parent=53114"}],"wp:term":[{"taxonomy":"category","embeddable":true,"href":"https:\/\/smartgroup.no\/en\/wp-json\/wp\/v2\/categories?post=53114"},{"taxonomy":"post_tag","embeddable":true,"href":"https:\/\/smartgroup.no\/en\/wp-json\/wp\/v2\/tags?post=53114"}],"curies":[{"name":"wp","href":"https:\/\/api.w.org\/{rel}","templated":true}]}}