{"id":58808,"date":"2026-09-01T12:49:47","date_gmt":"2026-09-01T10:49:47","guid":{"rendered":"https:\/\/smartgroup.no\/?p=58808"},"modified":"2026-09-01T13:34:31","modified_gmt":"2026-09-01T11:34:31","slug":"mot-smartgroup-pa-rehacare-2026-i-dusseldorf","status":"publish","type":"post","link":"https:\/\/smartgroup.no\/en\/mot-smartgroup-pa-rehacare-2026-i-dusseldorf\/","title":{"rendered":"Meet SmartGroup at REHACARE 2026 in D\u00fcsseldorf"},"content":{"rendered":"<p class=\"wp-block-paragraph\"><strong>From 23\u201326 September, SmartGroup will be exhibiting at REHACARE International in D\u00fcsseldorf. You will find us at the Norwegian Pavilion in Hall 1, stand G78.<\/strong><\/p>\n\n\n\n<p class=\"wp-block-paragraph\">We will be presenting SmartBrake, Spike and GripAdapt \u2013 and outdoors, you will have the opportunity to test SmartBrake on a bicycle.<\/p>\n\n\n\n<div class=\"wp-block-buttons is-layout-flex wp-block-buttons-is-layout-flex\">\n<div class=\"wp-block-button\"><a class=\"wp-block-button__link wp-element-button\" href=\"https:\/\/smartgroup.no\/en\/about\/#kontakt\">Going to REHACARE? Get in touch<\/a><\/div>\n<\/div>\n\n\n\n<hr class=\"wp-block-separator has-alpha-channel-opacity\"\/>\n\n\n\n<h2 class=\"wp-block-heading\">See our solutions \u2013 and try SmartBrake outdoors<\/h2>\n\n\n\n<p class=\"wp-block-paragraph\">At our stand, we will present <a href=\"https:\/\/smartgroup.no\/en\/smartbrake\/\"><strong>SmartBrake<\/strong> <\/a>and different parts of the system, making it easy to take a closer look at the solutions and discuss different needs and configurations.<\/p>\n\n\n\n<p class=\"wp-block-paragraph\">SmartBrake is an adaptable braking solution for bicycles and tricycles. It can make braking more accessible and can also allow a companion to assist with braking when needed.<\/p>\n\n\n\n<p class=\"wp-block-paragraph\">The bicycle itself will not be displayed at the stand. Instead, you will have the opportunity to <strong>test SmartBrake on a bicycle outdoors<\/strong>so you can experience how the solution works in practice.<\/p>\n\n\n\n<p class=\"wp-block-paragraph\">We will also be presenting <strong><a href=\"https:\/\/smartgroup.no\/en\/landing-page-gripadapt\/\">GripAdapt<\/a><\/strong>which makes it possible to bring the brake lever closer to the handlebar for people with a shorter hand reach or who find it difficult to reach a conventional brake lever.<\/p>\n\n\n\n<div class=\"wp-block-columns is-layout-flex wp-container-core-columns-is-layout-8f761849 wp-block-columns-is-layout-flex\">\n<div class=\"wp-block-column is-layout-flow wp-block-column-is-layout-flow\">\n<figure class=\"wp-block-video alignfull\"><video height=\"450\" style=\"aspect-ratio: 600 \/ 450;\" width=\"600\" controls src=\"https:\/\/smartgroup.no\/wp-content\/uploads\/Website-Brake-from-Distance.mp4\"><\/video><figcaption class=\"wp-element-caption\">SmartBrake Wireless<\/figcaption><\/figure>\n<\/div>\n\n\n\n<div class=\"wp-block-column is-layout-flow wp-block-column-is-layout-flow\">\n<figure class=\"wp-block-video alignfull\"><video height=\"1080\" style=\"aspect-ratio: 1920 \/ 1080;\" width=\"1920\" controls src=\"https:\/\/smartgroup.no\/wp-content\/uploads\/GripAdapt-montering-.mov\"><\/video><figcaption class=\"wp-element-caption\">SmartBrake &#8211; GripAdapt<\/figcaption><\/figure>\n<\/div>\n<\/div>\n\n\n\n<h2 class=\"wp-block-heading\">Meet Spike at REHACARE<\/h2>\n\n\n\n<p class=\"wp-block-paragraph\">Meet Spike at REHACARE<\/p>\n\n\n\n<p class=\"wp-block-paragraph\">We will also be presenting <strong><a href=\"https:\/\/smartgroup.no\/en\/spike\/\">Spike<\/a><\/strong>our solution for activity and exercise. Spike is available in several versions \u2013 <strong>Kneeling, Seated and Kids \u2013<\/strong> with solutions for both <strong>dry-land and snow activities.<\/strong>.<\/p>\n\n\n\n<p class=\"wp-block-paragraph\">The different versions provide different opportunities for activity, and at REHACARE you can take a closer look at Spike and talk to us about the different solutions, adaptations and applications.<\/p>\n\n\n\n<figure class=\"wp-block-video\"><video height=\"450\" style=\"aspect-ratio: 600 \/ 450;\" width=\"600\" controls src=\"https:\/\/smartgroup.no\/wp-content\/uploads\/Website-Spike.mp4\"><\/video><\/figure>\n\n\n\n<hr class=\"wp-block-separator has-alpha-channel-opacity\"\/>\n\n\n\n<h2 class=\"wp-block-heading\">Come by for a conversation<\/h2>\n\n\n\n<p class=\"wp-block-paragraph\">For us, REHACARE is first and foremost about the people we meet.<\/p>\n\n\n\n<p class=\"wp-block-paragraph\">We want to discuss specific needs, learn more about how adaptive cycling and activity are approached in different countries, and connect with new professional communities and partners. The exhibition is also an important opportunity for us to continue developing our international network.\n\nFrench:<\/p>\n\n\n\n<p class=\"wp-block-paragraph\">Whether you are a therapist, distributor, manufacturer, existing partner or simply curious about our solutions, you are very welcome to visit us.<\/p>\n\n\n\n<h2 class=\"wp-block-heading\">Find us in Hall 1<\/h2>\n\n\n\n<p class=\"wp-block-paragraph\"><strong>REHACARE International 2026<\/strong><br>23\u201326 September 2026<br>Messe D\u00fcsseldorf<br><strong>Hall 1 \u2013 stand G78<\/strong><br>Norwegian Pavilion<\/p>\n\n\n\n<h3 class=\"wp-block-heading\">Going to REHACARE?<\/h3>\n\n\n\n<p class=\"wp-block-paragraph\">Feel free to contact us in advance if you would like to arrange a meeting, discuss cooperation or set aside time to try SmartBrake.<\/p>\n\n\n\n<div class=\"wp-block-buttons is-layout-flex wp-block-buttons-is-layout-flex\">\n<div class=\"wp-block-button\"><a class=\"wp-block-button__link wp-element-button\" href=\"https:\/\/smartgroup.no\/en\/about\/#kontakt\">Contact us<\/a><\/div>\n<\/div>\n\n\n\n<hr class=\"wp-block-separator has-alpha-channel-opacity\"\/>\n\n\n\n<p class=\"wp-block-paragraph\"><strong>See you in D\u00fcsseldorf!<\/strong><\/p>\n\n\n\n<p class=\"wp-block-paragraph\"><\/p>","protected":false},"excerpt":{"rendered":"<p>23.\u201326. september deltar SmartGroup p\u00e5 REHACARE International i D\u00fcsseldorf. Du finner oss p\u00e5 den norske paviljongen i Hall 1, stand G78. Her viser vi frem SmartBrake, Spike og GripAdapt \u2013 og utend\u00f8rs blir det mulig \u00e5 teste SmartBrake p\u00e5 sykkel. Vi reiser tre personer fra SmartGroup og ser frem til \u00e5 m\u00f8te fagpersoner, samarbeidspartnere, distribut\u00f8rer [&hellip;]<\/p>\n","protected":false},"author":2,"featured_media":58809,"comment_status":"closed","ping_status":"open","sticky":false,"template":"","format":"standard","meta":{"footnotes":""},"categories":[1],"tags":[],"class_list":["post-58808","post","type-post","status-publish","format-standard","has-post-thumbnail","hentry","category-uncategorized"],"acf":[],"yoast_head":"<!-- This site is optimized with the Yoast SEO plugin v27.4 - https:\/\/yoast.com\/product\/yoast-seo-wordpress\/ -->\n<title>M\u00f8t SmartGroup p\u00e5 REHACARE 2026 i D\u00fcsseldorf - SmartGroup<\/title>\n<meta name=\"robots\" content=\"index, follow, max-snippet:-1, max-image-preview:large, max-video-preview:-1\" \/>\n<link rel=\"canonical\" href=\"https:\/\/smartgroup.no\/en\/mot-smartgroup-pa-rehacare-2026-i-dusseldorf\/\" \/>\n<meta property=\"og:locale\" content=\"en_GB\" \/>\n<meta property=\"og:type\" content=\"article\" \/>\n<meta property=\"og:title\" content=\"M\u00f8t SmartGroup p\u00e5 REHACARE 2026 i D\u00fcsseldorf - SmartGroup\" \/>\n<meta property=\"og:description\" content=\"23.\u201326. september deltar SmartGroup p\u00e5 REHACARE International i D\u00fcsseldorf. Du finner oss p\u00e5 den norske paviljongen i Hall 1, stand G78. Her viser vi frem SmartBrake, Spike og GripAdapt \u2013 og utend\u00f8rs blir det mulig \u00e5 teste SmartBrake p\u00e5 sykkel. Vi reiser tre personer fra SmartGroup og ser frem til \u00e5 m\u00f8te fagpersoner, samarbeidspartnere, distribut\u00f8rer [&hellip;]\" \/>\n<meta property=\"og:url\" content=\"https:\/\/smartgroup.no\/en\/mot-smartgroup-pa-rehacare-2026-i-dusseldorf\/\" \/>\n<meta property=\"og:site_name\" content=\"SmartGroup\" \/>\n<meta property=\"article:published_time\" content=\"2026-09-01T10:49:47+00:00\" \/>\n<meta property=\"article:modified_time\" content=\"2026-09-01T11:34:31+00:00\" \/>\n<meta property=\"og:image\" content=\"https:\/\/smartgroup.no\/wp-content\/uploads\/Norsk-paviliong.png\" \/>\n\t<meta property=\"og:image:width\" content=\"1658\" \/>\n\t<meta property=\"og:image:height\" content=\"928\" \/>\n\t<meta property=\"og:image:type\" content=\"image\/png\" \/>\n<meta name=\"author\" content=\"Anders Skaarud\" \/>\n<meta name=\"twitter:card\" content=\"summary_large_image\" \/>\n<meta name=\"twitter:label1\" content=\"Written by\" \/>\n\t<meta name=\"twitter:data1\" content=\"Anders Skaarud\" \/>\n\t<meta name=\"twitter:label2\" content=\"Estimated reading time\" \/>\n\t<meta name=\"twitter:data2\" content=\"2 minutes\" \/>\n<script type=\"application\/ld+json\" class=\"yoast-schema-graph\">{\"@context\":\"https:\\\/\\\/schema.org\",\"@graph\":[{\"@type\":\"Article\",\"@id\":\"https:\\\/\\\/smartgroup.no\\\/mot-smartgroup-pa-rehacare-2026-i-dusseldorf\\\/#article\",\"isPartOf\":{\"@id\":\"https:\\\/\\\/smartgroup.no\\\/mot-smartgroup-pa-rehacare-2026-i-dusseldorf\\\/\"},\"author\":{\"name\":\"Anders Skaarud\",\"@id\":\"https:\\\/\\\/smartgroup.no\\\/#\\\/schema\\\/person\\\/81cacfb17e20bc36dc07b9c70a61ff69\"},\"headline\":\"M\u00f8t SmartGroup p\u00e5 REHACARE 2026 i D\u00fcsseldorf\",\"datePublished\":\"2026-09-01T10:49:47+00:00\",\"dateModified\":\"2026-09-01T11:34:31+00:00\",\"mainEntityOfPage\":{\"@id\":\"https:\\\/\\\/smartgroup.no\\\/mot-smartgroup-pa-rehacare-2026-i-dusseldorf\\\/\"},\"wordCount\":418,\"publisher\":{\"@id\":\"https:\\\/\\\/smartgroup.no\\\/#organization\"},\"image\":{\"@id\":\"https:\\\/\\\/smartgroup.no\\\/mot-smartgroup-pa-rehacare-2026-i-dusseldorf\\\/#primaryimage\"},\"thumbnailUrl\":\"https:\\\/\\\/smartgroup.no\\\/wp-content\\\/uploads\\\/Norsk-paviliong.png\",\"articleSection\":[\"Uncategorized\"],\"inLanguage\":\"en-GB\"},{\"@type\":\"WebPage\",\"@id\":\"https:\\\/\\\/smartgroup.no\\\/mot-smartgroup-pa-rehacare-2026-i-dusseldorf\\\/\",\"url\":\"https:\\\/\\\/smartgroup.no\\\/mot-smartgroup-pa-rehacare-2026-i-dusseldorf\\\/\",\"name\":\"M\u00f8t SmartGroup p\u00e5 REHACARE 2026 i D\u00fcsseldorf - SmartGroup\",\"isPartOf\":{\"@id\":\"https:\\\/\\\/smartgroup.no\\\/#website\"},\"primaryImageOfPage\":{\"@id\":\"https:\\\/\\\/smartgroup.no\\\/mot-smartgroup-pa-rehacare-2026-i-dusseldorf\\\/#primaryimage\"},\"image\":{\"@id\":\"https:\\\/\\\/smartgroup.no\\\/mot-smartgroup-pa-rehacare-2026-i-dusseldorf\\\/#primaryimage\"},\"thumbnailUrl\":\"https:\\\/\\\/smartgroup.no\\\/wp-content\\\/uploads\\\/Norsk-paviliong.png\",\"datePublished\":\"2026-09-01T10:49:47+00:00\",\"dateModified\":\"2026-09-01T11:34:31+00:00\",\"breadcrumb\":{\"@id\":\"https:\\\/\\\/smartgroup.no\\\/mot-smartgroup-pa-rehacare-2026-i-dusseldorf\\\/#breadcrumb\"},\"inLanguage\":\"en-GB\",\"potentialAction\":[{\"@type\":\"ReadAction\",\"target\":[\"https:\\\/\\\/smartgroup.no\\\/mot-smartgroup-pa-rehacare-2026-i-dusseldorf\\\/\"]}]},{\"@type\":\"ImageObject\",\"inLanguage\":\"en-GB\",\"@id\":\"https:\\\/\\\/smartgroup.no\\\/mot-smartgroup-pa-rehacare-2026-i-dusseldorf\\\/#primaryimage\",\"url\":\"https:\\\/\\\/smartgroup.no\\\/wp-content\\\/uploads\\\/Norsk-paviliong.png\",\"contentUrl\":\"https:\\\/\\\/smartgroup.no\\\/wp-content\\\/uploads\\\/Norsk-paviliong.png\",\"width\":1658,\"height\":928},{\"@type\":\"BreadcrumbList\",\"@id\":\"https:\\\/\\\/smartgroup.no\\\/mot-smartgroup-pa-rehacare-2026-i-dusseldorf\\\/#breadcrumb\",\"itemListElement\":[{\"@type\":\"ListItem\",\"position\":1,\"name\":\"Home\",\"item\":\"https:\\\/\\\/smartgroup.no\\\/\"},{\"@type\":\"ListItem\",\"position\":2,\"name\":\"M\u00f8t SmartGroup p\u00e5 REHACARE 2026 i D\u00fcsseldorf\"}]},{\"@type\":\"WebSite\",\"@id\":\"https:\\\/\\\/smartgroup.no\\\/#website\",\"url\":\"https:\\\/\\\/smartgroup.no\\\/\",\"name\":\"SmartGroup\",\"description\":\"\",\"publisher\":{\"@id\":\"https:\\\/\\\/smartgroup.no\\\/#organization\"},\"potentialAction\":[{\"@type\":\"SearchAction\",\"target\":{\"@type\":\"EntryPoint\",\"urlTemplate\":\"https:\\\/\\\/smartgroup.no\\\/?s={search_term_string}\"},\"query-input\":{\"@type\":\"PropertyValueSpecification\",\"valueRequired\":true,\"valueName\":\"search_term_string\"}}],\"inLanguage\":\"en-GB\"},{\"@type\":\"Organization\",\"@id\":\"https:\\\/\\\/smartgroup.no\\\/#organization\",\"name\":\"SmartGroup\",\"url\":\"https:\\\/\\\/smartgroup.no\\\/\",\"logo\":{\"@type\":\"ImageObject\",\"inLanguage\":\"en-GB\",\"@id\":\"https:\\\/\\\/smartgroup.no\\\/#\\\/schema\\\/logo\\\/image\\\/\",\"url\":\"https:\\\/\\\/smartgroup.no\\\/wp-content\\\/uploads\\\/SmartGroup.png\",\"contentUrl\":\"https:\\\/\\\/smartgroup.no\\\/wp-content\\\/uploads\\\/SmartGroup.png\",\"width\":10417,\"height\":1735,\"caption\":\"SmartGroup\"},\"image\":{\"@id\":\"https:\\\/\\\/smartgroup.no\\\/#\\\/schema\\\/logo\\\/image\\\/\"}},{\"@type\":\"Person\",\"@id\":\"https:\\\/\\\/smartgroup.no\\\/#\\\/schema\\\/person\\\/81cacfb17e20bc36dc07b9c70a61ff69\",\"name\":\"Anders Skaarud\",\"image\":{\"@type\":\"ImageObject\",\"inLanguage\":\"en-GB\",\"@id\":\"https:\\\/\\\/secure.gravatar.com\\\/avatar\\\/8b8c21a350cf23e8b4219b9a6736d8901868e5d835185b2a42f6adc61000a30b?s=96&d=mm&r=g\",\"url\":\"https:\\\/\\\/secure.gravatar.com\\\/avatar\\\/8b8c21a350cf23e8b4219b9a6736d8901868e5d835185b2a42f6adc61000a30b?s=96&d=mm&r=g\",\"contentUrl\":\"https:\\\/\\\/secure.gravatar.com\\\/avatar\\\/8b8c21a350cf23e8b4219b9a6736d8901868e5d835185b2a42f6adc61000a30b?s=96&d=mm&r=g\",\"caption\":\"Anders Skaarud\"}}]}<\/script>\n<!-- \/ Yoast SEO plugin. -->","yoast_head_json":{"title":"M\u00f8t SmartGroup p\u00e5 REHACARE 2026 i D\u00fcsseldorf - SmartGroup","robots":{"index":"index","follow":"follow","max-snippet":"max-snippet:-1","max-image-preview":"max-image-preview:large","max-video-preview":"max-video-preview:-1"},"canonical":"https:\/\/smartgroup.no\/en\/mot-smartgroup-pa-rehacare-2026-i-dusseldorf\/","og_locale":"en_GB","og_type":"article","og_title":"M\u00f8t SmartGroup p\u00e5 REHACARE 2026 i D\u00fcsseldorf - SmartGroup","og_description":"23.\u201326. september deltar SmartGroup p\u00e5 REHACARE International i D\u00fcsseldorf. Du finner oss p\u00e5 den norske paviljongen i Hall 1, stand G78. Her viser vi frem SmartBrake, Spike og GripAdapt \u2013 og utend\u00f8rs blir det mulig \u00e5 teste SmartBrake p\u00e5 sykkel. Vi reiser tre personer fra SmartGroup og ser frem til \u00e5 m\u00f8te fagpersoner, samarbeidspartnere, distribut\u00f8rer [&hellip;]","og_url":"https:\/\/smartgroup.no\/en\/mot-smartgroup-pa-rehacare-2026-i-dusseldorf\/","og_site_name":"SmartGroup","article_published_time":"2026-09-01T10:49:47+00:00","article_modified_time":"2026-09-01T11:34:31+00:00","og_image":[{"width":1658,"height":928,"url":"https:\/\/smartgroup.no\/wp-content\/uploads\/Norsk-paviliong.png","type":"image\/png"}],"author":"Anders Skaarud","twitter_card":"summary_large_image","twitter_misc":{"Written by":"Anders Skaarud","Estimated reading time":"2 minutes"},"schema":{"@context":"https:\/\/schema.org","@graph":[{"@type":"Article","@id":"https:\/\/smartgroup.no\/mot-smartgroup-pa-rehacare-2026-i-dusseldorf\/#article","isPartOf":{"@id":"https:\/\/smartgroup.no\/mot-smartgroup-pa-rehacare-2026-i-dusseldorf\/"},"author":{"name":"Anders Skaarud","@id":"https:\/\/smartgroup.no\/#\/schema\/person\/81cacfb17e20bc36dc07b9c70a61ff69"},"headline":"M\u00f8t SmartGroup p\u00e5 REHACARE 2026 i D\u00fcsseldorf","datePublished":"2026-09-01T10:49:47+00:00","dateModified":"2026-09-01T11:34:31+00:00","mainEntityOfPage":{"@id":"https:\/\/smartgroup.no\/mot-smartgroup-pa-rehacare-2026-i-dusseldorf\/"},"wordCount":418,"publisher":{"@id":"https:\/\/smartgroup.no\/#organization"},"image":{"@id":"https:\/\/smartgroup.no\/mot-smartgroup-pa-rehacare-2026-i-dusseldorf\/#primaryimage"},"thumbnailUrl":"https:\/\/smartgroup.no\/wp-content\/uploads\/Norsk-paviliong.png","articleSection":["Uncategorized"],"inLanguage":"en-GB"},{"@type":"WebPage","@id":"https:\/\/smartgroup.no\/mot-smartgroup-pa-rehacare-2026-i-dusseldorf\/","url":"https:\/\/smartgroup.no\/mot-smartgroup-pa-rehacare-2026-i-dusseldorf\/","name":"M\u00f8t SmartGroup p\u00e5 REHACARE 2026 i D\u00fcsseldorf - SmartGroup","isPartOf":{"@id":"https:\/\/smartgroup.no\/#website"},"primaryImageOfPage":{"@id":"https:\/\/smartgroup.no\/mot-smartgroup-pa-rehacare-2026-i-dusseldorf\/#primaryimage"},"image":{"@id":"https:\/\/smartgroup.no\/mot-smartgroup-pa-rehacare-2026-i-dusseldorf\/#primaryimage"},"thumbnailUrl":"https:\/\/smartgroup.no\/wp-content\/uploads\/Norsk-paviliong.png","datePublished":"2026-09-01T10:49:47+00:00","dateModified":"2026-09-01T11:34:31+00:00","breadcrumb":{"@id":"https:\/\/smartgroup.no\/mot-smartgroup-pa-rehacare-2026-i-dusseldorf\/#breadcrumb"},"inLanguage":"en-GB","potentialAction":[{"@type":"ReadAction","target":["https:\/\/smartgroup.no\/mot-smartgroup-pa-rehacare-2026-i-dusseldorf\/"]}]},{"@type":"ImageObject","inLanguage":"en-GB","@id":"https:\/\/smartgroup.no\/mot-smartgroup-pa-rehacare-2026-i-dusseldorf\/#primaryimage","url":"https:\/\/smartgroup.no\/wp-content\/uploads\/Norsk-paviliong.png","contentUrl":"https:\/\/smartgroup.no\/wp-content\/uploads\/Norsk-paviliong.png","width":1658,"height":928},{"@type":"BreadcrumbList","@id":"https:\/\/smartgroup.no\/mot-smartgroup-pa-rehacare-2026-i-dusseldorf\/#breadcrumb","itemListElement":[{"@type":"ListItem","position":1,"name":"Home","item":"https:\/\/smartgroup.no\/"},{"@type":"ListItem","position":2,"name":"M\u00f8t SmartGroup p\u00e5 REHACARE 2026 i D\u00fcsseldorf"}]},{"@type":"WebSite","@id":"https:\/\/smartgroup.no\/#website","url":"https:\/\/smartgroup.no\/","name":"SmartGroup","description":"","publisher":{"@id":"https:\/\/smartgroup.no\/#organization"},"potentialAction":[{"@type":"SearchAction","target":{"@type":"EntryPoint","urlTemplate":"https:\/\/smartgroup.no\/?s={search_term_string}"},"query-input":{"@type":"PropertyValueSpecification","valueRequired":true,"valueName":"search_term_string"}}],"inLanguage":"en-GB"},{"@type":"Organization","@id":"https:\/\/smartgroup.no\/#organization","name":"SmartGroup","url":"https:\/\/smartgroup.no\/","logo":{"@type":"ImageObject","inLanguage":"en-GB","@id":"https:\/\/smartgroup.no\/#\/schema\/logo\/image\/","url":"https:\/\/smartgroup.no\/wp-content\/uploads\/SmartGroup.png","contentUrl":"https:\/\/smartgroup.no\/wp-content\/uploads\/SmartGroup.png","width":10417,"height":1735,"caption":"SmartGroup"},"image":{"@id":"https:\/\/smartgroup.no\/#\/schema\/logo\/image\/"}},{"@type":"Person","@id":"https:\/\/smartgroup.no\/#\/schema\/person\/81cacfb17e20bc36dc07b9c70a61ff69","name":"Anders Skaarud","image":{"@type":"ImageObject","inLanguage":"en-GB","@id":"https:\/\/secure.gravatar.com\/avatar\/8b8c21a350cf23e8b4219b9a6736d8901868e5d835185b2a42f6adc61000a30b?s=96&d=mm&r=g","url":"https:\/\/secure.gravatar.com\/avatar\/8b8c21a350cf23e8b4219b9a6736d8901868e5d835185b2a42f6adc61000a30b?s=96&d=mm&r=g","contentUrl":"https:\/\/secure.gravatar.com\/avatar\/8b8c21a350cf23e8b4219b9a6736d8901868e5d835185b2a42f6adc61000a30b?s=96&d=mm&r=g","caption":"Anders Skaarud"}}]}},"_links":{"self":[{"href":"https:\/\/smartgroup.no\/en\/wp-json\/wp\/v2\/posts\/58808","targetHints":{"allow":["GET"]}}],"collection":[{"href":"https:\/\/smartgroup.no\/en\/wp-json\/wp\/v2\/posts"}],"about":[{"href":"https:\/\/smartgroup.no\/en\/wp-json\/wp\/v2\/types\/post"}],"author":[{"embeddable":true,"href":"https:\/\/smartgroup.no\/en\/wp-json\/wp\/v2\/users\/2"}],"replies":[{"embeddable":true,"href":"https:\/\/smartgroup.no\/en\/wp-json\/wp\/v2\/comments?post=58808"}],"version-history":[{"count":6,"href":"https:\/\/smartgroup.no\/en\/wp-json\/wp\/v2\/posts\/58808\/revisions"}],"predecessor-version":[{"id":58818,"href":"https:\/\/smartgroup.no\/en\/wp-json\/wp\/v2\/posts\/58808\/revisions\/58818"}],"wp:featuredmedia":[{"embeddable":true,"href":"https:\/\/smartgroup.no\/en\/wp-json\/wp\/v2\/media\/58809"}],"wp:attachment":[{"href":"https:\/\/smartgroup.no\/en\/wp-json\/wp\/v2\/media?parent=58808"}],"wp:term":[{"taxonomy":"category","embeddable":true,"href":"https:\/\/smartgroup.no\/en\/wp-json\/wp\/v2\/categories?post=58808"},{"taxonomy":"post_tag","embeddable":true,"href":"https:\/\/smartgroup.no\/en\/wp-json\/wp\/v2\/tags?post=58808"}],"curies":[{"name":"wp","href":"https:\/\/api.w.org\/{rel}","templated":true}]}}