{"id":58808,"date":"2026-09-01T12:49:47","date_gmt":"2026-09-01T10:49:47","guid":{"rendered":"https:\/\/smartgroup.no\/?p=58808"},"modified":"2026-09-01T13:34:31","modified_gmt":"2026-09-01T11:34:31","slug":"mot-smartgroup-pa-rehacare-2026-i-dusseldorf","status":"publish","type":"post","link":"https:\/\/smartgroup.no\/fr\/mot-smartgroup-pa-rehacare-2026-i-dusseldorf\/","title":{"rendered":"Rencontrez SmartGroup \u00e0 REHACARE 2026 \u00e0 D\u00fcsseldorf"},"content":{"rendered":"<p class=\"wp-block-paragraph\"><strong>Du 23 au 26 septembre, SmartGroup participera \u00e0 REHACARE International \u00e0 D\u00fcsseldorf. Retrouvez-nous sur le pavillon norv\u00e9gien, Hall 1, stand G78.<\/strong><\/p>\n\n\n\n<p class=\"wp-block-paragraph\">Nous y pr\u00e9senterons SmartBrake, Spike et GripAdapt \u2013 et \u00e0 l\u2019ext\u00e9rieur, vous aurez \u00e9galement la possibilit\u00e9 d\u2019essayer SmartBrake sur un v\u00e9lo.<\/p>\n\n\n\n<div class=\"wp-block-buttons is-layout-flex wp-block-buttons-is-layout-flex\">\n<div class=\"wp-block-button\"><a class=\"wp-block-button__link wp-element-button\" href=\"https:\/\/smartgroup.no\/fr\/a\/#kontakt\">Vous venez \u00e0 REHACARE ? Contactez-nous<\/a><\/div>\n<\/div>\n\n\n\n<hr class=\"wp-block-separator has-alpha-channel-opacity\"\/>\n\n\n\n<h2 class=\"wp-block-heading\">D\u00e9couvrez nos solutions \u2013 et essayez SmartBrake \u00e0 l\u2019ext\u00e9rieur<\/h2>\n\n\n\n<p class=\"wp-block-paragraph\">Sur notre stand, nous pr\u00e9senterons <a href=\"https:\/\/smartgroup.no\/fr\/smartbrake\/\"><strong>SmartBrake<\/strong> <\/a>ainsi que diff\u00e9rents \u00e9l\u00e9ments du syst\u00e8me, afin de vous permettre de d\u00e9couvrir les solutions de pr\u00e8s et d\u2019\u00e9changer avec nous sur diff\u00e9rents besoins et configurations.<\/p>\n\n\n\n<p class=\"wp-block-paragraph\">SmartBrake est une solution de freinage adaptable pour v\u00e9los et tricycles. Elle peut rendre le freinage plus accessible et permet \u00e9galement \u00e0 un accompagnateur d\u2019aider au freinage lorsque cela est n\u00e9cessaire.<\/p>\n\n\n\n<p class=\"wp-block-paragraph\">Le v\u00e9lo lui-m\u00eame ne sera pas expos\u00e9 sur le stand. En revanche, il sera possible <strong>SmartBrake sur un v\u00e9lo \u00e0 l\u2019ext\u00e9rieur<\/strong>afin de d\u00e9couvrir concr\u00e8tement le fonctionnement de la solution.<\/p>\n\n\n\n<p class=\"wp-block-paragraph\">Nous pr\u00e9senterons \u00e9galement <strong><a href=\"https:\/\/smartgroup.no\/fr\/landing-page-gripadapt\/\">GripAdapt<\/a><\/strong>une solution qui permet de rapprocher le levier de frein du guidon pour les personnes ayant une faible port\u00e9e de main ou rencontrant des difficult\u00e9s \u00e0 atteindre un levier de frein traditionnel.<\/p>\n\n\n\n<div class=\"wp-block-columns is-layout-flex wp-container-core-columns-is-layout-8f761849 wp-block-columns-is-layout-flex\">\n<div class=\"wp-block-column is-layout-flow wp-block-column-is-layout-flow\">\n<figure class=\"wp-block-video alignfull\"><video height=\"450\" style=\"aspect-ratio: 600 \/ 450;\" width=\"600\" controls src=\"https:\/\/smartgroup.no\/wp-content\/uploads\/Website-Brake-from-Distance.mp4\"><\/video><figcaption class=\"wp-element-caption\">SmartBrake WIRELESS<\/figcaption><\/figure>\n<\/div>\n\n\n\n<div class=\"wp-block-column is-layout-flow wp-block-column-is-layout-flow\">\n<figure class=\"wp-block-video alignfull\"><video height=\"1080\" style=\"aspect-ratio: 1920 \/ 1080;\" width=\"1920\" controls src=\"https:\/\/smartgroup.no\/wp-content\/uploads\/GripAdapt-montering-.mov\"><\/video><figcaption class=\"wp-element-caption\">SmartBrake &#8211; GripAdapt<\/figcaption><\/figure>\n<\/div>\n<\/div>\n\n\n\n<h2 class=\"wp-block-heading\">D\u00e9couvrez Spike \u00e0 REHACARE<\/h2>\n\n\n\n<p class=\"wp-block-paragraph\">D\u00e9couvrez Spike \u00e0 REHACARE<\/p>\n\n\n\n<p class=\"wp-block-paragraph\">Nous pr\u00e9senterons \u00e9galement <strong><a href=\"https:\/\/smartgroup.no\/fr\/spike\/\">Spike<\/a><\/strong>notre solution d\u00e9di\u00e9e \u00e0 l\u2019activit\u00e9 physique et \u00e0 l\u2019entra\u00eenement. Spike existe en plusieurs versions \u2013 <strong>Kneeling, Seated et Kids \u2013<\/strong> ainsi qu\u2019en configurations pour <strong>terrain sec et neige.<\/strong>.<\/p>\n\n\n\n<p class=\"wp-block-paragraph\">Les diff\u00e9rentes versions offrent diff\u00e9rentes possibilit\u00e9s d\u2019activit\u00e9. \u00c0 REHACARE, vous pourrez d\u00e9couvrir Spike de plus pr\u00e8s et \u00e9changer avec nous sur les diff\u00e9rentes solutions, adaptations et utilisations possibles.<\/p>\n\n\n\n<figure class=\"wp-block-video\"><video height=\"450\" style=\"aspect-ratio: 600 \/ 450;\" width=\"600\" controls src=\"https:\/\/smartgroup.no\/wp-content\/uploads\/Website-Spike.mp4\"><\/video><\/figure>\n\n\n\n<hr class=\"wp-block-separator has-alpha-channel-opacity\"\/>\n\n\n\n<h2 class=\"wp-block-heading\">Venez nous rencontrer<\/h2>\n\n\n\n<p class=\"wp-block-paragraph\">Pour nous, REHACARE est avant tout une occasion de rencontrer des personnes.<\/p>\n\n\n\n<p class=\"wp-block-paragraph\">Nous souhaitons \u00e9changer autour de besoins concrets, mieux comprendre comment le cyclisme adapt\u00e9 et l\u2019activit\u00e9 physique sont organis\u00e9s dans diff\u00e9rents pays, et cr\u00e9er de nouveaux liens avec des professionnels et des partenaires. Le salon est \u00e9galement une occasion importante pour nous de continuer \u00e0 d\u00e9velopper notre r\u00e9seau international.<\/p>\n\n\n\n<p class=\"wp-block-paragraph\">Que vous soyez th\u00e9rapeute, distributeur, fabricant, partenaire actuel ou simplement curieux de d\u00e9couvrir nos solutions, vous \u00eates les bienvenus sur notre stand.<\/p>\n\n\n\n<h2 class=\"wp-block-heading\">Retrouvez-nous dans le Hall 1<\/h2>\n\n\n\n<p class=\"wp-block-paragraph\"><strong>REHACARE International 2026<\/strong><br>23\u201326 septembre 2026<br>Messe D\u00fcsseldorf<br><strong>Hall 1 \u2013 stand G78<\/strong><br>Pavillon norv\u00e9gien<\/p>\n\n\n\n<h3 class=\"wp-block-heading\">Vous venez \u00e0 REHACARE ?<\/h3>\n\n\n\n<p class=\"wp-block-paragraph\">N\u2019h\u00e9sitez pas \u00e0 nous contacter \u00e0 l\u2019avance si vous souhaitez organiser un rendez-vous, discuter d\u2019une collaboration ou pr\u00e9voir un moment pour essayer SmartBrake.<\/p>\n\n\n\n<div class=\"wp-block-buttons is-layout-flex wp-block-buttons-is-layout-flex\">\n<div class=\"wp-block-button\"><a class=\"wp-block-button__link wp-element-button\" href=\"https:\/\/smartgroup.no\/fr\/a\/#kontakt\">Contactez-nous<\/a><\/div>\n<\/div>\n\n\n\n<hr class=\"wp-block-separator has-alpha-channel-opacity\"\/>\n\n\n\n<p class=\"wp-block-paragraph\"><strong>\u00c0 bient\u00f4t \u00e0 D\u00fcsseldorf !<\/strong><\/p>\n\n\n\n<p class=\"wp-block-paragraph\"><\/p>","protected":false},"excerpt":{"rendered":"<p>23.\u201326. september deltar SmartGroup p\u00e5 REHACARE International i D\u00fcsseldorf. Du finner oss p\u00e5 den norske paviljongen i Hall 1, stand G78. Her viser vi frem SmartBrake, Spike og GripAdapt \u2013 og utend\u00f8rs blir det mulig \u00e5 teste SmartBrake p\u00e5 sykkel. Vi reiser tre personer fra SmartGroup og ser frem til \u00e5 m\u00f8te fagpersoner, samarbeidspartnere, distribut\u00f8rer [&hellip;]<\/p>\n","protected":false},"author":2,"featured_media":58809,"comment_status":"closed","ping_status":"open","sticky":false,"template":"","format":"standard","meta":{"footnotes":""},"categories":[1],"tags":[],"class_list":["post-58808","post","type-post","status-publish","format-standard","has-post-thumbnail","hentry","category-uncategorized"],"acf":[],"yoast_head":"<!-- This site is optimized with the Yoast SEO plugin v27.4 - https:\/\/yoast.com\/product\/yoast-seo-wordpress\/ -->\n<title>M\u00f8t SmartGroup p\u00e5 REHACARE 2026 i D\u00fcsseldorf - SmartGroup<\/title>\n<meta name=\"robots\" content=\"index, follow, max-snippet:-1, max-image-preview:large, max-video-preview:-1\" \/>\n<link rel=\"canonical\" href=\"https:\/\/smartgroup.no\/fr\/mot-smartgroup-pa-rehacare-2026-i-dusseldorf\/\" \/>\n<meta property=\"og:locale\" content=\"fr_FR\" \/>\n<meta property=\"og:type\" content=\"article\" \/>\n<meta property=\"og:title\" content=\"M\u00f8t SmartGroup p\u00e5 REHACARE 2026 i D\u00fcsseldorf - SmartGroup\" \/>\n<meta property=\"og:description\" content=\"23.\u201326. september deltar SmartGroup p\u00e5 REHACARE International i D\u00fcsseldorf. Du finner oss p\u00e5 den norske paviljongen i Hall 1, stand G78. Her viser vi frem SmartBrake, Spike og GripAdapt \u2013 og utend\u00f8rs blir det mulig \u00e5 teste SmartBrake p\u00e5 sykkel. Vi reiser tre personer fra SmartGroup og ser frem til \u00e5 m\u00f8te fagpersoner, samarbeidspartnere, distribut\u00f8rer [&hellip;]\" \/>\n<meta property=\"og:url\" content=\"https:\/\/smartgroup.no\/fr\/mot-smartgroup-pa-rehacare-2026-i-dusseldorf\/\" \/>\n<meta property=\"og:site_name\" content=\"SmartGroup\" \/>\n<meta property=\"article:published_time\" content=\"2026-09-01T10:49:47+00:00\" \/>\n<meta property=\"article:modified_time\" content=\"2026-09-01T11:34:31+00:00\" \/>\n<meta property=\"og:image\" content=\"https:\/\/smartgroup.no\/wp-content\/uploads\/Norsk-paviliong.png\" \/>\n\t<meta property=\"og:image:width\" content=\"1658\" \/>\n\t<meta property=\"og:image:height\" content=\"928\" \/>\n\t<meta property=\"og:image:type\" content=\"image\/png\" \/>\n<meta name=\"author\" content=\"Anders Skaarud\" \/>\n<meta name=\"twitter:card\" content=\"summary_large_image\" \/>\n<meta name=\"twitter:label1\" content=\"\u00c9crit par\" \/>\n\t<meta name=\"twitter:data1\" content=\"Anders Skaarud\" \/>\n\t<meta name=\"twitter:label2\" content=\"Dur\u00e9e de lecture estim\u00e9e\" \/>\n\t<meta name=\"twitter:data2\" content=\"2 minutes\" \/>\n<script type=\"application\/ld+json\" class=\"yoast-schema-graph\">{\"@context\":\"https:\\\/\\\/schema.org\",\"@graph\":[{\"@type\":\"Article\",\"@id\":\"https:\\\/\\\/smartgroup.no\\\/mot-smartgroup-pa-rehacare-2026-i-dusseldorf\\\/#article\",\"isPartOf\":{\"@id\":\"https:\\\/\\\/smartgroup.no\\\/mot-smartgroup-pa-rehacare-2026-i-dusseldorf\\\/\"},\"author\":{\"name\":\"Anders Skaarud\",\"@id\":\"https:\\\/\\\/smartgroup.no\\\/#\\\/schema\\\/person\\\/81cacfb17e20bc36dc07b9c70a61ff69\"},\"headline\":\"M\u00f8t SmartGroup p\u00e5 REHACARE 2026 i D\u00fcsseldorf\",\"datePublished\":\"2026-09-01T10:49:47+00:00\",\"dateModified\":\"2026-09-01T11:34:31+00:00\",\"mainEntityOfPage\":{\"@id\":\"https:\\\/\\\/smartgroup.no\\\/mot-smartgroup-pa-rehacare-2026-i-dusseldorf\\\/\"},\"wordCount\":418,\"publisher\":{\"@id\":\"https:\\\/\\\/smartgroup.no\\\/#organization\"},\"image\":{\"@id\":\"https:\\\/\\\/smartgroup.no\\\/mot-smartgroup-pa-rehacare-2026-i-dusseldorf\\\/#primaryimage\"},\"thumbnailUrl\":\"https:\\\/\\\/smartgroup.no\\\/wp-content\\\/uploads\\\/Norsk-paviliong.png\",\"articleSection\":[\"Uncategorized\"],\"inLanguage\":\"fr-FR\"},{\"@type\":\"WebPage\",\"@id\":\"https:\\\/\\\/smartgroup.no\\\/mot-smartgroup-pa-rehacare-2026-i-dusseldorf\\\/\",\"url\":\"https:\\\/\\\/smartgroup.no\\\/mot-smartgroup-pa-rehacare-2026-i-dusseldorf\\\/\",\"name\":\"M\u00f8t SmartGroup p\u00e5 REHACARE 2026 i D\u00fcsseldorf - SmartGroup\",\"isPartOf\":{\"@id\":\"https:\\\/\\\/smartgroup.no\\\/#website\"},\"primaryImageOfPage\":{\"@id\":\"https:\\\/\\\/smartgroup.no\\\/mot-smartgroup-pa-rehacare-2026-i-dusseldorf\\\/#primaryimage\"},\"image\":{\"@id\":\"https:\\\/\\\/smartgroup.no\\\/mot-smartgroup-pa-rehacare-2026-i-dusseldorf\\\/#primaryimage\"},\"thumbnailUrl\":\"https:\\\/\\\/smartgroup.no\\\/wp-content\\\/uploads\\\/Norsk-paviliong.png\",\"datePublished\":\"2026-09-01T10:49:47+00:00\",\"dateModified\":\"2026-09-01T11:34:31+00:00\",\"breadcrumb\":{\"@id\":\"https:\\\/\\\/smartgroup.no\\\/mot-smartgroup-pa-rehacare-2026-i-dusseldorf\\\/#breadcrumb\"},\"inLanguage\":\"fr-FR\",\"potentialAction\":[{\"@type\":\"ReadAction\",\"target\":[\"https:\\\/\\\/smartgroup.no\\\/mot-smartgroup-pa-rehacare-2026-i-dusseldorf\\\/\"]}]},{\"@type\":\"ImageObject\",\"inLanguage\":\"fr-FR\",\"@id\":\"https:\\\/\\\/smartgroup.no\\\/mot-smartgroup-pa-rehacare-2026-i-dusseldorf\\\/#primaryimage\",\"url\":\"https:\\\/\\\/smartgroup.no\\\/wp-content\\\/uploads\\\/Norsk-paviliong.png\",\"contentUrl\":\"https:\\\/\\\/smartgroup.no\\\/wp-content\\\/uploads\\\/Norsk-paviliong.png\",\"width\":1658,\"height\":928},{\"@type\":\"BreadcrumbList\",\"@id\":\"https:\\\/\\\/smartgroup.no\\\/mot-smartgroup-pa-rehacare-2026-i-dusseldorf\\\/#breadcrumb\",\"itemListElement\":[{\"@type\":\"ListItem\",\"position\":1,\"name\":\"Home\",\"item\":\"https:\\\/\\\/smartgroup.no\\\/\"},{\"@type\":\"ListItem\",\"position\":2,\"name\":\"M\u00f8t SmartGroup p\u00e5 REHACARE 2026 i D\u00fcsseldorf\"}]},{\"@type\":\"WebSite\",\"@id\":\"https:\\\/\\\/smartgroup.no\\\/#website\",\"url\":\"https:\\\/\\\/smartgroup.no\\\/\",\"name\":\"SmartGroup\",\"description\":\"\",\"publisher\":{\"@id\":\"https:\\\/\\\/smartgroup.no\\\/#organization\"},\"potentialAction\":[{\"@type\":\"SearchAction\",\"target\":{\"@type\":\"EntryPoint\",\"urlTemplate\":\"https:\\\/\\\/smartgroup.no\\\/?s={search_term_string}\"},\"query-input\":{\"@type\":\"PropertyValueSpecification\",\"valueRequired\":true,\"valueName\":\"search_term_string\"}}],\"inLanguage\":\"fr-FR\"},{\"@type\":\"Organization\",\"@id\":\"https:\\\/\\\/smartgroup.no\\\/#organization\",\"name\":\"SmartGroup\",\"url\":\"https:\\\/\\\/smartgroup.no\\\/\",\"logo\":{\"@type\":\"ImageObject\",\"inLanguage\":\"fr-FR\",\"@id\":\"https:\\\/\\\/smartgroup.no\\\/#\\\/schema\\\/logo\\\/image\\\/\",\"url\":\"https:\\\/\\\/smartgroup.no\\\/wp-content\\\/uploads\\\/SmartGroup.png\",\"contentUrl\":\"https:\\\/\\\/smartgroup.no\\\/wp-content\\\/uploads\\\/SmartGroup.png\",\"width\":10417,\"height\":1735,\"caption\":\"SmartGroup\"},\"image\":{\"@id\":\"https:\\\/\\\/smartgroup.no\\\/#\\\/schema\\\/logo\\\/image\\\/\"}},{\"@type\":\"Person\",\"@id\":\"https:\\\/\\\/smartgroup.no\\\/#\\\/schema\\\/person\\\/81cacfb17e20bc36dc07b9c70a61ff69\",\"name\":\"Anders Skaarud\",\"image\":{\"@type\":\"ImageObject\",\"inLanguage\":\"fr-FR\",\"@id\":\"https:\\\/\\\/secure.gravatar.com\\\/avatar\\\/8b8c21a350cf23e8b4219b9a6736d8901868e5d835185b2a42f6adc61000a30b?s=96&d=mm&r=g\",\"url\":\"https:\\\/\\\/secure.gravatar.com\\\/avatar\\\/8b8c21a350cf23e8b4219b9a6736d8901868e5d835185b2a42f6adc61000a30b?s=96&d=mm&r=g\",\"contentUrl\":\"https:\\\/\\\/secure.gravatar.com\\\/avatar\\\/8b8c21a350cf23e8b4219b9a6736d8901868e5d835185b2a42f6adc61000a30b?s=96&d=mm&r=g\",\"caption\":\"Anders Skaarud\"}}]}<\/script>\n<!-- \/ Yoast SEO plugin. -->","yoast_head_json":{"title":"M\u00f8t SmartGroup p\u00e5 REHACARE 2026 i D\u00fcsseldorf - SmartGroup","robots":{"index":"index","follow":"follow","max-snippet":"max-snippet:-1","max-image-preview":"max-image-preview:large","max-video-preview":"max-video-preview:-1"},"canonical":"https:\/\/smartgroup.no\/fr\/mot-smartgroup-pa-rehacare-2026-i-dusseldorf\/","og_locale":"fr_FR","og_type":"article","og_title":"M\u00f8t SmartGroup p\u00e5 REHACARE 2026 i D\u00fcsseldorf - SmartGroup","og_description":"23.\u201326. september deltar SmartGroup p\u00e5 REHACARE International i D\u00fcsseldorf. Du finner oss p\u00e5 den norske paviljongen i Hall 1, stand G78. Her viser vi frem SmartBrake, Spike og GripAdapt \u2013 og utend\u00f8rs blir det mulig \u00e5 teste SmartBrake p\u00e5 sykkel. Vi reiser tre personer fra SmartGroup og ser frem til \u00e5 m\u00f8te fagpersoner, samarbeidspartnere, distribut\u00f8rer [&hellip;]","og_url":"https:\/\/smartgroup.no\/fr\/mot-smartgroup-pa-rehacare-2026-i-dusseldorf\/","og_site_name":"SmartGroup","article_published_time":"2026-09-01T10:49:47+00:00","article_modified_time":"2026-09-01T11:34:31+00:00","og_image":[{"width":1658,"height":928,"url":"https:\/\/smartgroup.no\/wp-content\/uploads\/Norsk-paviliong.png","type":"image\/png"}],"author":"Anders Skaarud","twitter_card":"summary_large_image","twitter_misc":{"\u00c9crit par":"Anders Skaarud","Dur\u00e9e de lecture estim\u00e9e":"2 minutes"},"schema":{"@context":"https:\/\/schema.org","@graph":[{"@type":"Article","@id":"https:\/\/smartgroup.no\/mot-smartgroup-pa-rehacare-2026-i-dusseldorf\/#article","isPartOf":{"@id":"https:\/\/smartgroup.no\/mot-smartgroup-pa-rehacare-2026-i-dusseldorf\/"},"author":{"name":"Anders Skaarud","@id":"https:\/\/smartgroup.no\/#\/schema\/person\/81cacfb17e20bc36dc07b9c70a61ff69"},"headline":"M\u00f8t SmartGroup p\u00e5 REHACARE 2026 i D\u00fcsseldorf","datePublished":"2026-09-01T10:49:47+00:00","dateModified":"2026-09-01T11:34:31+00:00","mainEntityOfPage":{"@id":"https:\/\/smartgroup.no\/mot-smartgroup-pa-rehacare-2026-i-dusseldorf\/"},"wordCount":418,"publisher":{"@id":"https:\/\/smartgroup.no\/#organization"},"image":{"@id":"https:\/\/smartgroup.no\/mot-smartgroup-pa-rehacare-2026-i-dusseldorf\/#primaryimage"},"thumbnailUrl":"https:\/\/smartgroup.no\/wp-content\/uploads\/Norsk-paviliong.png","articleSection":["Uncategorized"],"inLanguage":"fr-FR"},{"@type":"WebPage","@id":"https:\/\/smartgroup.no\/mot-smartgroup-pa-rehacare-2026-i-dusseldorf\/","url":"https:\/\/smartgroup.no\/mot-smartgroup-pa-rehacare-2026-i-dusseldorf\/","name":"M\u00f8t SmartGroup p\u00e5 REHACARE 2026 i D\u00fcsseldorf - SmartGroup","isPartOf":{"@id":"https:\/\/smartgroup.no\/#website"},"primaryImageOfPage":{"@id":"https:\/\/smartgroup.no\/mot-smartgroup-pa-rehacare-2026-i-dusseldorf\/#primaryimage"},"image":{"@id":"https:\/\/smartgroup.no\/mot-smartgroup-pa-rehacare-2026-i-dusseldorf\/#primaryimage"},"thumbnailUrl":"https:\/\/smartgroup.no\/wp-content\/uploads\/Norsk-paviliong.png","datePublished":"2026-09-01T10:49:47+00:00","dateModified":"2026-09-01T11:34:31+00:00","breadcrumb":{"@id":"https:\/\/smartgroup.no\/mot-smartgroup-pa-rehacare-2026-i-dusseldorf\/#breadcrumb"},"inLanguage":"fr-FR","potentialAction":[{"@type":"ReadAction","target":["https:\/\/smartgroup.no\/mot-smartgroup-pa-rehacare-2026-i-dusseldorf\/"]}]},{"@type":"ImageObject","inLanguage":"fr-FR","@id":"https:\/\/smartgroup.no\/mot-smartgroup-pa-rehacare-2026-i-dusseldorf\/#primaryimage","url":"https:\/\/smartgroup.no\/wp-content\/uploads\/Norsk-paviliong.png","contentUrl":"https:\/\/smartgroup.no\/wp-content\/uploads\/Norsk-paviliong.png","width":1658,"height":928},{"@type":"BreadcrumbList","@id":"https:\/\/smartgroup.no\/mot-smartgroup-pa-rehacare-2026-i-dusseldorf\/#breadcrumb","itemListElement":[{"@type":"ListItem","position":1,"name":"Home","item":"https:\/\/smartgroup.no\/"},{"@type":"ListItem","position":2,"name":"M\u00f8t SmartGroup p\u00e5 REHACARE 2026 i D\u00fcsseldorf"}]},{"@type":"WebSite","@id":"https:\/\/smartgroup.no\/#website","url":"https:\/\/smartgroup.no\/","name":"SmartGroup","description":"","publisher":{"@id":"https:\/\/smartgroup.no\/#organization"},"potentialAction":[{"@type":"SearchAction","target":{"@type":"EntryPoint","urlTemplate":"https:\/\/smartgroup.no\/?s={search_term_string}"},"query-input":{"@type":"PropertyValueSpecification","valueRequired":true,"valueName":"search_term_string"}}],"inLanguage":"fr-FR"},{"@type":"Organization","@id":"https:\/\/smartgroup.no\/#organization","name":"SmartGroup","url":"https:\/\/smartgroup.no\/","logo":{"@type":"ImageObject","inLanguage":"fr-FR","@id":"https:\/\/smartgroup.no\/#\/schema\/logo\/image\/","url":"https:\/\/smartgroup.no\/wp-content\/uploads\/SmartGroup.png","contentUrl":"https:\/\/smartgroup.no\/wp-content\/uploads\/SmartGroup.png","width":10417,"height":1735,"caption":"SmartGroup"},"image":{"@id":"https:\/\/smartgroup.no\/#\/schema\/logo\/image\/"}},{"@type":"Person","@id":"https:\/\/smartgroup.no\/#\/schema\/person\/81cacfb17e20bc36dc07b9c70a61ff69","name":"Anders Skaarud","image":{"@type":"ImageObject","inLanguage":"fr-FR","@id":"https:\/\/secure.gravatar.com\/avatar\/8b8c21a350cf23e8b4219b9a6736d8901868e5d835185b2a42f6adc61000a30b?s=96&d=mm&r=g","url":"https:\/\/secure.gravatar.com\/avatar\/8b8c21a350cf23e8b4219b9a6736d8901868e5d835185b2a42f6adc61000a30b?s=96&d=mm&r=g","contentUrl":"https:\/\/secure.gravatar.com\/avatar\/8b8c21a350cf23e8b4219b9a6736d8901868e5d835185b2a42f6adc61000a30b?s=96&d=mm&r=g","caption":"Anders Skaarud"}}]}},"_links":{"self":[{"href":"https:\/\/smartgroup.no\/fr\/wp-json\/wp\/v2\/posts\/58808","targetHints":{"allow":["GET"]}}],"collection":[{"href":"https:\/\/smartgroup.no\/fr\/wp-json\/wp\/v2\/posts"}],"about":[{"href":"https:\/\/smartgroup.no\/fr\/wp-json\/wp\/v2\/types\/post"}],"author":[{"embeddable":true,"href":"https:\/\/smartgroup.no\/fr\/wp-json\/wp\/v2\/users\/2"}],"replies":[{"embeddable":true,"href":"https:\/\/smartgroup.no\/fr\/wp-json\/wp\/v2\/comments?post=58808"}],"version-history":[{"count":6,"href":"https:\/\/smartgroup.no\/fr\/wp-json\/wp\/v2\/posts\/58808\/revisions"}],"predecessor-version":[{"id":58818,"href":"https:\/\/smartgroup.no\/fr\/wp-json\/wp\/v2\/posts\/58808\/revisions\/58818"}],"wp:featuredmedia":[{"embeddable":true,"href":"https:\/\/smartgroup.no\/fr\/wp-json\/wp\/v2\/media\/58809"}],"wp:attachment":[{"href":"https:\/\/smartgroup.no\/fr\/wp-json\/wp\/v2\/media?parent=58808"}],"wp:term":[{"taxonomy":"category","embeddable":true,"href":"https:\/\/smartgroup.no\/fr\/wp-json\/wp\/v2\/categories?post=58808"},{"taxonomy":"post_tag","embeddable":true,"href":"https:\/\/smartgroup.no\/fr\/wp-json\/wp\/v2\/tags?post=58808"}],"curies":[{"name":"wp","href":"https:\/\/api.w.org\/{rel}","templated":true}]}}